{"id":51,"date":"2022-03-17T10:20:00","date_gmt":"2022-03-17T10:20:00","guid":{"rendered":"https:\/\/ronjakarkinen.fi\/?p=51"},"modified":"2023-01-01T22:22:12","modified_gmt":"2023-01-01T22:22:12","slug":"ilmastokriisi-on-nalkakriisi","status":"publish","type":"post","link":"https:\/\/ronjakarkinen.fi\/index.php\/2022\/03\/17\/ilmastokriisi-on-nalkakriisi\/","title":{"rendered":"Ilmastokriisi on n\u00e4lk\u00e4kriisi"},"content":{"rendered":"\n<p>Afrikan sarvea koettelee yksi pahimmista kuivuuksista yli kolmeenkymmeneen vuoteen ja 13 miljoonaa ihmist\u00e4 k\u00e4rsii vakavasta ruokaturvattomuudesta, <a href=\"https:\/\/plan.fi\/tiedotteet\/kuivuus-altistaa-tytot-pakkoavioliitoille-ja-seksuaaliselle-hyvaksikaytolle-afrikan-sarvessa\/?utm_campaign=humanitaarinen&amp;utm_content=198670386&amp;utm_medium=social&amp;utm_source=twitter&amp;hss_channel=tw-193199389\" target=\"_blank\" rel=\"noreferrer noopener\"><u>kertoo Plan International.<\/u><\/a> Sateet ovat j\u00e4\u00e4neet tulematta kolmena per\u00e4tt\u00e4isen\u00e4 sadekautena. H\u00e4t\u00e4tila on ollut jo pitk\u00e4\u00e4n. Pelastakaa Lapset -j\u00e4rjest\u00f6 <a href=\"https:\/\/www.pelastakaalapset.fi\/uutiset\/neljannesmiljoonan-lapsen-arvioidaan-kuolleen-nalkaan-ita-afrikassa-tana-vuonna\/\" target=\"_blank\" rel=\"noreferrer noopener\"><u>uutisoi joulukuussa<\/u><\/a>, ett\u00e4 viime vuonna 260 000 lasta on kuollut n\u00e4lk\u00e4\u00e4n It\u00e4-Afrikassa.<\/p>\n\n\n\n<p><a><\/a>T\u00e4llaiset uutiset ovat hirvitt\u00e4vimpi\u00e4 mahdollisia. Ne kertovat karuimmalla tavalla sen, ett\u00e4 ilmastonmuutos on t\u00e4\u00e4ll\u00e4 ja nyt. S\u00e4\u00e4t pett\u00e4v\u00e4t, satokaudet ep\u00e4onnistuvat, ruokaa on v\u00e4hemm\u00e4n ja liian v\u00e4h\u00e4n.<\/p>\n\n\n\n<p><a><\/a>Uutisten toistuminen kertoo my\u00f6s, ett\u00e4 h\u00e4t\u00e4\u00e4n ei ole vastattu lainkaan tarpeeksi painokkaasti. Sek\u00e4 <a href=\"https:\/\/www.unicef.fi\/blogi\/kehitysyhteistyohon-kaytetaan-miljardeja-miksi\/\" target=\"_blank\" rel=\"noreferrer noopener\"><u>humanitaarisen avun rahoitusta<\/u><\/a> ett\u00e4 <a href=\"https:\/\/www.kehityspoliittinentoimikunta.fi\/wp-content\/uploads\/sites\/27\/2022\/01\/KPT-Suomen-kansainvalinen-ilmastorahoitus-tarvitsee-selkea-suunnan-analyysi.pdf\" target=\"_blank\" rel=\"noreferrer noopener\"><u>ilmastonmuutokseen sopeutumisen rahoitusta<\/u><\/a> tarvitaan mittavasti enemm\u00e4n kuin nyky\u00e4\u00e4n, jotta el\u00e4m\u00e4n edellytykset voidaan turvata jokaiselle.<\/p>\n\n\n\n<p><a><\/a>Kehityspoliittinen toimikunta suosittaa tammikuussa julkaistussa analyysissaan Suomea nostamaan kehitysyhteisty\u00f6m\u00e4\u00e4r\u00e4rahansa 0,7 %:iin BKT:sta ja pit\u00e4m\u00e4\u00e4n t\u00e4st\u00e4 erill\u00e4\u00e4n sitoumuksensa kansainv\u00e4liseen ilmastorahoitukseen. T\u00e4ll\u00e4 hetkell\u00e4 laskemme ilmastorahoituksen osaksi kehitysyhteisty\u00f6m\u00e4\u00e4r\u00e4rahoja, ja silti kokonaisuudenkin osuus on vain 0,5 %.<\/p>\n\n\n\n<p><a><\/a>On velvollisuutemme pysty\u00e4 parempaan. L\u00e4mp\u00f6tilan nousu on sovittu rajattavaksi Pariisin sopimuksessa kuvatulla tavalla, jolloin kaikki ilmastokriisin vaikutukset tulevat viel\u00e4 l\u00e4mp\u00f6tilan noustessa pahenemaan. L\u00e4ht\u00f6kohta ei voi olla, ett\u00e4 osa ihmiskunnasta j\u00e4\u00e4 j\u00e4lkeen. Kuolemaa ja k\u00e4rsimyst\u00e4 ei saa pit\u00e4\u00e4 v\u00e4ltt\u00e4m\u00e4tt\u00f6m\u00e4n\u00e4 osana muutosta, vaan maailmanlaajuisesta vauraudesta on riitett\u00e4v\u00e4 apua sit\u00e4 tarvitseville.<\/p>\n\n\n\n<p><a><\/a><a><\/a> My\u00f6s Suomessa ilmastokriisin vaikutukset n\u00e4kyv\u00e4t jo kylm\u00e4\u00e4v\u00e4ll\u00e4 tavalla. Maaseudun Tulevaisuudesta luin, ett\u00e4 Suomessa nelj\u00e4 viidest\u00e4 viime vuodesta on ollut jollain tavalla katovuosia. El\u00e4intuottajat ovat talousongelmissa nyt, kun rehuhinnat ovat nousseet ja tuottajahinnat pysyv\u00e4t paikallaan kiitos mit\u00e4 keskittyneimm\u00e4n suomalaisen kaupan.<\/p>\n\n\n\n<p><a><\/a>Rehuhintojen nousu kuvaa osaltaan ilmastonmuutoksen aiheuttamaa painetta ruoantuotantoon ja her\u00e4tt\u00e4\u00e4 pohtimaan, onko meill\u00e4k\u00e4\u00e4n en\u00e4\u00e4 varaa kierr\u00e4tt\u00e4\u00e4 ihmiselle kelpaavaa ravintoa el\u00e4inten kautta nykyisess\u00e4 mitassaan. Kysymys on itse asiassa edess\u00e4mme akuutisti Ven\u00e4j\u00e4n hy\u00f6kk\u00e4yksen vuoksi. Sotatila vaarantaa maailman ruokamarkkinoita entisest\u00e4\u00e4n, sill\u00e4 Ukraina on normaalisti eritt\u00e4in merkitt\u00e4v\u00e4 viljan viej\u00e4. <a href=\"https:\/\/yle.fi\/uutiset\/3-12349084\" target=\"_blank\" rel=\"noreferrer noopener\"><u>Ylen haastattelema<\/u><\/a> Luonnonvarakeskuksen tutkimusp\u00e4\u00e4llikk\u00f6 Hanna Karikallio esitt\u00e4\u00e4, ett\u00e4 vehn\u00e4n osalta tilannetta voitaisiin helpottaa tuottamalla l\u00e4nsimaissa viljaa enemm\u00e4n suoraan ihmisten ruoaksi ja v\u00e4hemm\u00e4n rehuksi.<\/p>\n\n\n\n<p><a><\/a>Ilmastokriisi on n\u00e4lk\u00e4kriisi, joka on akuutti ja pahenemassa. T\u00e4m\u00e4 on vakavuudessaan eritt\u00e4in t\u00e4rke\u00e4 l\u00e4ht\u00f6kohta pit\u00e4\u00e4 esill\u00e4 ilmastokeskustelussa. H\u00e4t\u00e4\u00e4n on vastattava paljon nykyist\u00e4 kattavammin ja tarvittavasta ilmastopolitiikasta puhuttaessa on muistettava tekem\u00e4tt\u00f6myyden ja hitauden mit\u00e4 kallein hinta.<\/p>\n","protected":false},"excerpt":{"rendered":"<p>Afrikan sarvea koettelee yksi pahimmista kuivuuksista yli kolmeenkymmeneen vuoteen ja 13 miljoonaa ihmist\u00e4 k\u00e4rsii vakavasta ruokaturvattomuudesta, kertoo Plan International. Sateet ovat j\u00e4\u00e4neet tulematta kolmena per\u00e4tt\u00e4isen\u00e4 sadekautena. H\u00e4t\u00e4tila on ollut jo pitk\u00e4\u00e4n. Pelastakaa Lapset -j\u00e4rjest\u00f6 uutisoi joulukuussa, ett\u00e4 viime vuonna 260 000 lasta on kuollut n\u00e4lk\u00e4\u00e4n It\u00e4-Afrikassa. T\u00e4llaiset uutiset ovat hirvitt\u00e4vimpi\u00e4 mahdollisia. Ne kertovat karuimmalla tavalla &hellip; <\/p>\n","protected":false},"author":1,"featured_media":52,"comment_status":"open","ping_status":"open","sticky":false,"template":"","format":"standard","meta":{"footnotes":""},"categories":[4],"tags":[],"class_list":["post-51","post","type-post","status-publish","format-standard","has-post-thumbnail","hentry","category-ilmastokestavyys","grid-sizer"],"_links":{"self":[{"href":"https:\/\/ronjakarkinen.fi\/index.php\/wp-json\/wp\/v2\/posts\/51","targetHints":{"allow":["GET"]}}],"collection":[{"href":"https:\/\/ronjakarkinen.fi\/index.php\/wp-json\/wp\/v2\/posts"}],"about":[{"href":"https:\/\/ronjakarkinen.fi\/index.php\/wp-json\/wp\/v2\/types\/post"}],"author":[{"embeddable":true,"href":"https:\/\/ronjakarkinen.fi\/index.php\/wp-json\/wp\/v2\/users\/1"}],"replies":[{"embeddable":true,"href":"https:\/\/ronjakarkinen.fi\/index.php\/wp-json\/wp\/v2\/comments?post=51"}],"version-history":[{"count":1,"href":"https:\/\/ronjakarkinen.fi\/index.php\/wp-json\/wp\/v2\/posts\/51\/revisions"}],"predecessor-version":[{"id":53,"href":"https:\/\/ronjakarkinen.fi\/index.php\/wp-json\/wp\/v2\/posts\/51\/revisions\/53"}],"wp:featuredmedia":[{"embeddable":true,"href":"https:\/\/ronjakarkinen.fi\/index.php\/wp-json\/wp\/v2\/media\/52"}],"wp:attachment":[{"href":"https:\/\/ronjakarkinen.fi\/index.php\/wp-json\/wp\/v2\/media?parent=51"}],"wp:term":[{"taxonomy":"category","embeddable":true,"href":"https:\/\/ronjakarkinen.fi\/index.php\/wp-json\/wp\/v2\/categories?post=51"},{"taxonomy":"post_tag","embeddable":true,"href":"https:\/\/ronjakarkinen.fi\/index.php\/wp-json\/wp\/v2\/tags?post=51"}],"curies":[{"name":"wp","href":"https:\/\/api.w.org\/{rel}","templated":true}]}}