{"id":48,"date":"2022-02-18T10:19:00","date_gmt":"2022-02-18T10:19:00","guid":{"rendered":"https:\/\/ronjakarkinen.fi\/?p=48"},"modified":"2023-01-01T22:20:00","modified_gmt":"2023-01-01T22:20:00","slug":"enemman-ei-ole-vahemman","status":"publish","type":"post","link":"https:\/\/ronjakarkinen.fi\/index.php\/2022\/02\/18\/enemman-ei-ole-vahemman\/","title":{"rendered":"Enemm\u00e4n ei ole v\u00e4hemm\u00e4n"},"content":{"rendered":"\n<p>Testasin <a href=\"https:\/\/ilmastodieetti.ymparisto.fi\/ilmastodieetti\/\" target=\"_blank\" rel=\"noreferrer noopener\"><u>ilmastodieetti.fi<\/u><\/a> -sivustolla j\u00e4lleen, miss\u00e4 p\u00e4\u00e4st\u00f6ni menev\u00e4t. Ne olivat laskeneet alle 2000 kilon vuositasolle. Sitran tekem\u00e4n <a href=\"https:\/\/www.sitra.fi\/julkaisut\/1o5-asteen-elamantavat\/\" target=\"_blank\" rel=\"noreferrer noopener\"><u>selvityksen<\/u><\/a> mukaan olisin t\u00e4ll\u00e4 suorituksella hyv\u00e4ll\u00e4 1,5 -asteen tavoitteeseen sopivalla uralla vuoteen 2030 saakka.<\/p>\n\n\n\n<p><a><\/a>Olen tehnyt m\u00e4\u00e4r\u00e4tietoisesti valintoja p\u00e4\u00e4st\u00f6jen v\u00e4hent\u00e4miseksi jo vuosien ajan. Nyt olen oikeastaan aika tyytyv\u00e4inen. Aina voi parantaa, mutta perusteiltaan el\u00e4m\u00e4ni palikat ovat oikeassa kuosissa. Tied\u00e4n, mist\u00e4 p\u00e4\u00e4st\u00f6t tulevat eik\u00e4 vaaraa yll\u00e4tt\u00e4v\u00e4st\u00e4 kehityksest\u00e4 v\u00e4\u00e4r\u00e4\u00e4n suuntaan ole.<\/p>\n\n\n\n<p><a><\/a>P\u00e4\u00e4st\u00f6jen v\u00e4hent\u00e4misen yhteydess\u00e4 puhutaan usein ilmastotekojen tekemisest\u00e4. Olen kuitenkin alkanut miettim\u00e4\u00e4n, onko se hiukan harhaanjohtavaa. Se nimitt\u00e4in kuulostaa silt\u00e4 kuin jokainen v\u00e4h\u00e4p\u00e4\u00e4st\u00f6inen valinta olisi jotakin plussaa ja itsess\u00e4\u00e4n hyv\u00e4st\u00e4 ilmastolle. L\u00e4ht\u00f6kohtaisesti kaikki teot kuitenkin tuottavat p\u00e4\u00e4st\u00f6j\u00e4 enemm\u00e4n tai v\u00e4hemm\u00e4n ja ovat siis ilmastolle haitallisia.<\/p>\n\n\n\n<p><a><\/a>Voisimmekin puhua enemm\u00e4n t\u00e4llaisista kest\u00e4v\u00e4n el\u00e4m\u00e4n tavoitetasoista. Silloin p\u00e4\u00e4st\u00f6v\u00e4hennykset asettuvat helpommin oikeisiin mittasuhteisiin kesken\u00e4\u00e4n ja niist\u00e4 saa paremman kokonaiskuvan. Voi mietti\u00e4, mit\u00e4 tekee jo oikein ja millaisia valintoja viel\u00e4 tulisi tehd\u00e4, jotta el\u00e4m\u00e4 olisi kest\u00e4v\u00e4\u00e4? T\u00e4rke\u00e4\u00e4 on my\u00f6s huomata, mihin asioihin voi omalla toiminnalla vaikuttaa ja mist\u00e4 esimerkiksi kunta on vastuussa kaukol\u00e4mp\u00f6verkon kautta.<\/p>\n\n\n\n<p><a><\/a>Asian l\u00e4hestyminen kokonaisuutena tuo esiin my\u00f6s sen, ett\u00e4 monet p\u00e4\u00e4st\u00f6v\u00e4hennyksen merkitt\u00e4vimm\u00e4t keinot eiv\u00e4t ole tekemist\u00e4 laisinkaan vaan tekem\u00e4tt\u00e4 j\u00e4tt\u00e4mist\u00e4. Ihailemani journalisti Riikka Suominen kirjoittaa <a href=\"https:\/\/www.apu.fi\/artikkelit\/kierratys-ja-sen-marginaalinen-merkitys-kolumni-riikka-suominen\" target=\"_blank\" rel=\"noreferrer noopener\"><u>kolumnissaan<\/u><\/a>, ett\u00e4 v\u00e4hent\u00e4minen on yhteiskunnassamme tabu. Se innoitti minut t\u00e4h\u00e4n kirjoitukseen ja tuomaan oman el\u00e4m\u00e4n todistuksen v\u00e4hent\u00e4misen v\u00e4ltt\u00e4m\u00e4tt\u00f6myydest\u00e4.<\/p>\n\n\n\n<p><a><\/a>En nimitt\u00e4in mill\u00e4\u00e4n keksi, miten olisin p\u00e4\u00e4ssyt n\u00e4ihin p\u00e4\u00e4st\u00f6lukuihin v\u00e4hent\u00e4m\u00e4tt\u00e4. Olen v\u00e4hent\u00e4nyt el\u00e4intuotteita, tavaroiden ostamista ja matkustamista &#8211; luopumiseen asti, kuten lent\u00e4misen kohdalla. Samoista ilmi\u00f6ist\u00e4 voi puhua muillakin termeill\u00e4 kuten vegaanisuus, kierr\u00e4tys ja maata pitkin matkustaminen. V\u00e4hent\u00e4minen kuitenkin antaa sanan sille, ett\u00e4 jos jokin ei kest\u00e4v\u00e4sti onnistu niin sen voi j\u00e4tt\u00e4\u00e4 tekem\u00e4tt\u00e4. Toisenlaisten valintojen lis\u00e4ksi my\u00f6s tekemisen volyymi on merkityksellinen.<\/p>\n\n\n\n<p><a><\/a>V\u00e4hent\u00e4misest\u00e4 puhuminen on my\u00f6s yhteiskunnallisesti merkitt\u00e4v\u00e4\u00e4. Se nimitt\u00e4in kyseenalaistaa ainaiseen kasvuun perustuvan taloudellisen ajattelun. Suomalaisten p\u00e4\u00e4st\u00f6t ovat <a href=\"https:\/\/www.syke.fi\/fi-FI\/Ajankohtaista\/Suomen_kotitalouksien_kulutuksen_hiilija%2849873%29\" target=\"_blank\" rel=\"noreferrer noopener\"><u>korrelaatiossa kulutusmenojen kasvuun<\/u><\/a>, siis kansalaisten vaurauden kasvamiseen. Ostovoiman lis\u00e4\u00e4ntyminen on johtanut voimallisempaan ostamiseen. Enemm\u00e4n ei ole ollut v\u00e4hemm\u00e4n.<\/p>\n\n\n\n<p><a><\/a>Kansalaisten kulutuksen p\u00e4\u00e4st\u00f6t eiv\u00e4t n\u00e4y Suomen p\u00e4\u00e4st\u00f6in\u00e4 eiv\u00e4tk\u00e4 siis ole mukana maamme hiilineutraaliustavoitteessa. Niist\u00e4 on kuitenkin otettava vastuu. On todella pohdittava sit\u00e4, miten kansalaisten hyvinvointia voidaan lis\u00e4t\u00e4 ilman materiaalista elintason nousua ja miten j\u00e4rkev\u00e4 ja vakaa valtiontalous j\u00e4rjestyy ilman kasvun vaadetta.<\/p>\n\n\n\n<p><a><\/a>Uskon, ett\u00e4 hyviin ratkaisuihin p\u00e4\u00e4st\u00e4\u00e4n j\u00e4rkev\u00e4ll\u00e4 talouspoliittisella keskustelulla ja tutkimuksella. T\u00e4t\u00e4 varten v\u00e4hent\u00e4misen tabu on kuitenkin rikottava.<\/p>\n","protected":false},"excerpt":{"rendered":"<p>Testasin ilmastodieetti.fi -sivustolla j\u00e4lleen, miss\u00e4 p\u00e4\u00e4st\u00f6ni menev\u00e4t. Ne olivat laskeneet alle 2000 kilon vuositasolle. Sitran tekem\u00e4n selvityksen mukaan olisin t\u00e4ll\u00e4 suorituksella hyv\u00e4ll\u00e4 1,5 -asteen tavoitteeseen sopivalla uralla vuoteen 2030 saakka. Olen tehnyt m\u00e4\u00e4r\u00e4tietoisesti valintoja p\u00e4\u00e4st\u00f6jen v\u00e4hent\u00e4miseksi jo vuosien ajan. Nyt olen oikeastaan aika tyytyv\u00e4inen. Aina voi parantaa, mutta perusteiltaan el\u00e4m\u00e4ni palikat ovat oikeassa kuosissa. Tied\u00e4n, &hellip; <\/p>\n","protected":false},"author":1,"featured_media":49,"comment_status":"open","ping_status":"open","sticky":false,"template":"","format":"standard","meta":{"footnotes":""},"categories":[4],"tags":[],"class_list":["post-48","post","type-post","status-publish","format-standard","has-post-thumbnail","hentry","category-ilmastokestavyys","grid-sizer"],"_links":{"self":[{"href":"https:\/\/ronjakarkinen.fi\/index.php\/wp-json\/wp\/v2\/posts\/48","targetHints":{"allow":["GET"]}}],"collection":[{"href":"https:\/\/ronjakarkinen.fi\/index.php\/wp-json\/wp\/v2\/posts"}],"about":[{"href":"https:\/\/ronjakarkinen.fi\/index.php\/wp-json\/wp\/v2\/types\/post"}],"author":[{"embeddable":true,"href":"https:\/\/ronjakarkinen.fi\/index.php\/wp-json\/wp\/v2\/users\/1"}],"replies":[{"embeddable":true,"href":"https:\/\/ronjakarkinen.fi\/index.php\/wp-json\/wp\/v2\/comments?post=48"}],"version-history":[{"count":1,"href":"https:\/\/ronjakarkinen.fi\/index.php\/wp-json\/wp\/v2\/posts\/48\/revisions"}],"predecessor-version":[{"id":50,"href":"https:\/\/ronjakarkinen.fi\/index.php\/wp-json\/wp\/v2\/posts\/48\/revisions\/50"}],"wp:featuredmedia":[{"embeddable":true,"href":"https:\/\/ronjakarkinen.fi\/index.php\/wp-json\/wp\/v2\/media\/49"}],"wp:attachment":[{"href":"https:\/\/ronjakarkinen.fi\/index.php\/wp-json\/wp\/v2\/media?parent=48"}],"wp:term":[{"taxonomy":"category","embeddable":true,"href":"https:\/\/ronjakarkinen.fi\/index.php\/wp-json\/wp\/v2\/categories?post=48"},{"taxonomy":"post_tag","embeddable":true,"href":"https:\/\/ronjakarkinen.fi\/index.php\/wp-json\/wp\/v2\/tags?post=48"}],"curies":[{"name":"wp","href":"https:\/\/api.w.org\/{rel}","templated":true}]}}