{"id":40,"date":"2021-09-25T10:08:00","date_gmt":"2021-09-25T10:08:00","guid":{"rendered":"https:\/\/ronjakarkinen.fi\/?p=40"},"modified":"2023-01-01T22:24:52","modified_gmt":"2023-01-01T22:24:52","slug":"ilmastolakon-vaatimukset-ovat-puhdasta-logiikkaa","status":"publish","type":"post","link":"https:\/\/ronjakarkinen.fi\/index.php\/2021\/09\/25\/ilmastolakon-vaatimukset-ovat-puhdasta-logiikkaa\/","title":{"rendered":"Ilmastolakon vaatimukset ovat puhdasta logiikkaa"},"content":{"rendered":"\n<figure class=\"wp-block-image size-full\"><img loading=\"lazy\" decoding=\"async\" width=\"807\" height=\"605\" src=\"https:\/\/ronjakarkinen.fi\/wp-content\/uploads\/2023\/01\/ilmastolakko.jpg\" alt=\"\" class=\"wp-image-41\" srcset=\"https:\/\/ronjakarkinen.fi\/wp-content\/uploads\/2023\/01\/ilmastolakko.jpg 807w, https:\/\/ronjakarkinen.fi\/wp-content\/uploads\/2023\/01\/ilmastolakko-300x225.jpg 300w, https:\/\/ronjakarkinen.fi\/wp-content\/uploads\/2023\/01\/ilmastolakko-768x576.jpg 768w, https:\/\/ronjakarkinen.fi\/wp-content\/uploads\/2023\/01\/ilmastolakko-80x60.jpg 80w\" sizes=\"auto, (max-width: 807px) 100vw, 807px\" \/><figcaption class=\"wp-element-caption\"><br><em>My\u00f6s kaksivuotias p\u00e4\u00e4si mukaan lakkoon perhep\u00e4iv\u00e4hoitajan vapaap\u00e4iv\u00e4n\u00e4.<\/em><\/figcaption><\/figure>\n\n\n\n<p>Osallistuin eilen ty\u00f6paikkani Plan Suomen nuorten ryhm\u00e4n eli Ilmastotsemppareiden kanssa ilmastolakkoon eduskuntatalon portailla. Oli hienoa olla pitk\u00e4st\u00e4 aikaa mielenosoituksessa vahvan tunnelman keskell\u00e4, olennaisen \u00e4\u00e4rell\u00e4 ja sellaisten kanssa, joiden puheenvuoroille ny\u00f6kyttelee v\u00e4kijoukosta niskaansa kipe\u00e4ksi. Asiaa!<\/p>\n\n\n\n<p><a><\/a>Nimitt\u00e4in asia on, ett\u00e4 ilmastolakon vaatimukset perustuvat logiikkaan. Sanoma on, ett\u00e4 emme voi jatkaa nykylinjalla. Globaalisti p\u00e4\u00e4st\u00f6t nousevat ja ilmastonmuutoksen torjumiseksi on teht\u00e4v\u00e4 enemm\u00e4n. Eik\u00e4 vain enemm\u00e4n, vaan niin paljon kuin on tarve ongelman ratkaisemiseksi. Rakenteellisia uudistuksia tarvitaan. Puheenvuoroissa oli paljon esill\u00e4 talouskasvun hallitsevuus yhteiskunnan tavoitteissa. Kuitenkaan ei olla onnistuttu esitt\u00e4m\u00e4\u00e4n, ett\u00e4 globaali talouskasvu ilman luonnonvarojen lis\u00e4\u00e4ntyv\u00e4\u00e4 kulutusta olisi mahdollista. Irtikytkenn\u00e4st\u00e4 puhutaan, mutta aineisto puuttuu. Rajallisella maapallolla on rajallisesti resursseja ja todistustaakka kasvun mahdollisuudesta on sill\u00e4 joka sit\u00e4 esitt\u00e4\u00e4, ei sill\u00e4 joka sit\u00e4 vastustaa.<\/p>\n\n\n\n<p><a><\/a>T\u00e4llainen sanoma voi kuulostaa \u00e4\u00e4rimm\u00e4iselt\u00e4, \u00e4\u00e4rip\u00e4\u00e4lt\u00e4. Mutta taustalla on tieteen viesti, matemaattiset laskelmat ja todenn\u00e4k\u00f6isyydet, kattavimmillaan ei v\u00e4hemm\u00e4lle kuin ihmiskunnan selvi\u00e4miselle.<\/p>\n\n\n\n<p><a><\/a>Voiko kriisiaikana oikea vastaus edes olla muu kuin \u00e4\u00e4rip\u00e4\u00e4?<\/p>\n\n\n\n<p><a><\/a>Yleens\u00e4 liikkeet toimivat aatteen palosta &#8211; niill\u00e4 on visio paremmasta maailmasta ja tarvittavista muutoksista, jota ne ovat valmiita ajamaan rohkeasti eteenp\u00e4in. Mutta miss\u00e4 m\u00e4\u00e4rin t\u00e4m\u00e4 p\u00e4tee ilmastoliikkeeseen? Onko aatteen paloa sanoa, ett\u00e4 kuunnelkaa kansainv\u00e4lisen tiedeyhteis\u00f6n koottua viesti\u00e4 luonnonilmi\u00f6iden linkittyneisyyksist\u00e4 ja matemaattisista todenn\u00e4k\u00f6isyyksist\u00e4? Onko aatteen paloa sanoa, ett\u00e4 tietyn ihmisryhm\u00e4n asemaa on syyt\u00e4 parantaa, jos lopulta kyseess\u00e4 oleva ihmisryhm\u00e4 on koko ihmiskunta?<\/p>\n\n\n\n<p><a><\/a>Monet ilmastoliikkeeseen l\u00e4hteneet nuoret ovat h\u00e4mmentyneit\u00e4 &#8211; miksi minun pit\u00e4\u00e4 tehd\u00e4 t\u00e4t\u00e4, miksi minun pit\u00e4\u00e4 olla aktiivi, miksi t\u00e4t\u00e4 vuosikymmeni\u00e4 tiedossa olevaa ongelmaa ei ole jo hoidettu? Se onkin hyv\u00e4 kysymys. <a href=\"https:\/\/www.hs.fi\/ulkomaat\/art-2000008264419.html?share=accd58c8c13be20da2d5878e9dff557f&amp;fbclid=IwAR0JwaBJDNuWMq3sHRYsAJjc08t4vjk3dTsuM04KShmz8ZRWaHeyJfV9suE\" target=\"_blank\" rel=\"noreferrer noopener\"><u>Uusi tutkimus<\/u><\/a> sai mieleni matalaksi. Sen mukaan suurin osa nuoristamme n\u00e4kee tulevaisuuden pelottavana ja katsoo hallinnon tekev\u00e4n tieteeseen perustumatonta politiikkaa.<\/p>\n\n\n\n<p><a><\/a>Jos kerran tieteellisen matemaattisen logiikan viesti ei ole tarvittavalla tavalla purrut vuosikymmeniin, purisiko t\u00e4m\u00e4: millainen valtio ei onnistu luomaan uskoa sen kansalaisten tulevaisuuteen? Millainen valtio ei v\u00e4lit\u00e4 nuortensa hyvinvoinnista? My\u00f6s syyllisyyden tunne vallitsevassa tilanteessa on ihan looginen reaktio, josta tehokkaampaa toimintaa voi synty\u00e4.<\/p>\n\n\n\n<p><a><\/a>Osassa puheenvuoroista kuvattiin, ett\u00e4 mit\u00e4\u00e4n ei ole tapahtunut sitten ilmastoliikkeen synnyn vuonna 2018. Mielest\u00e4ni se ei ole kuitenkaan onneksi totta. Asioita tapahtuu ja monessa suhteessa suunta on oikea. Suurimpia ongelmia mielest\u00e4ni kuitenkin on se, ett\u00e4 keskityt\u00e4\u00e4n liikaa Suomen kansallisiin p\u00e4\u00e4st\u00f6ihin ja hiilineutraaliustavoitteeseen, vaikka suurin osa suomalaisten el\u00e4m\u00e4n vaatimista p\u00e4\u00e4st\u00f6ist\u00e4 syntyy maamme rajojen ulkopuolella. T\u00e4llainen kattavampi tarkastelu on v\u00e4ltt\u00e4m\u00e4t\u00f6nt\u00e4, jotta rakenteelliset kysymykset esimerkiksi talouskasvusta tulevat oikein huomioiduiksi ja jotta otamme kansakuntana kokonaisvastuun osallisuudestamme ongelmaan.<\/p>\n\n\n\n<p><a><\/a><a><\/a>Lakko aiheutti paljon ajatuksia. Yksi niist\u00e4 oli my\u00f6s, onko minulla en\u00e4\u00e4 poliitikkona oikeutta seist\u00e4 lakkojoukossa? Olenko siirtynyt liikkeen j\u00e4senest\u00e4 sen kohteeksi, ihmiseksi, jolta parempia p\u00e4\u00e4t\u00f6ksi\u00e4 vaaditaan?<\/p>\n\n\n\n<p><a><\/a>Ehk\u00e4 lakko on minulle erityisesti inspiroitumisen paikka. Sain valtavasti voimaa joukosta ja liven\u00e4 pidetyist\u00e4 vahvoista puheista. T\u00e4m\u00e4 on se asia, jonka eteen haluan tehd\u00e4 ty\u00f6t\u00e4.<\/p>\n","protected":false},"excerpt":{"rendered":"<p>Osallistuin eilen ty\u00f6paikkani Plan Suomen nuorten ryhm\u00e4n eli Ilmastotsemppareiden kanssa ilmastolakkoon eduskuntatalon portailla. Oli hienoa olla pitk\u00e4st\u00e4 aikaa mielenosoituksessa vahvan tunnelman keskell\u00e4, olennaisen \u00e4\u00e4rell\u00e4 ja sellaisten kanssa, joiden puheenvuoroille ny\u00f6kyttelee v\u00e4kijoukosta niskaansa kipe\u00e4ksi. Asiaa! Nimitt\u00e4in asia on, ett\u00e4 ilmastolakon vaatimukset perustuvat logiikkaan. Sanoma on, ett\u00e4 emme voi jatkaa nykylinjalla. Globaalisti p\u00e4\u00e4st\u00f6t nousevat ja ilmastonmuutoksen torjumiseksi &hellip; <\/p>\n","protected":false},"author":1,"featured_media":0,"comment_status":"open","ping_status":"open","sticky":false,"template":"","format":"standard","meta":{"footnotes":""},"categories":[4],"tags":[],"class_list":["post-40","post","type-post","status-publish","format-standard","hentry","category-ilmastokestavyys","grid-sizer"],"_links":{"self":[{"href":"https:\/\/ronjakarkinen.fi\/index.php\/wp-json\/wp\/v2\/posts\/40","targetHints":{"allow":["GET"]}}],"collection":[{"href":"https:\/\/ronjakarkinen.fi\/index.php\/wp-json\/wp\/v2\/posts"}],"about":[{"href":"https:\/\/ronjakarkinen.fi\/index.php\/wp-json\/wp\/v2\/types\/post"}],"author":[{"embeddable":true,"href":"https:\/\/ronjakarkinen.fi\/index.php\/wp-json\/wp\/v2\/users\/1"}],"replies":[{"embeddable":true,"href":"https:\/\/ronjakarkinen.fi\/index.php\/wp-json\/wp\/v2\/comments?post=40"}],"version-history":[{"count":1,"href":"https:\/\/ronjakarkinen.fi\/index.php\/wp-json\/wp\/v2\/posts\/40\/revisions"}],"predecessor-version":[{"id":42,"href":"https:\/\/ronjakarkinen.fi\/index.php\/wp-json\/wp\/v2\/posts\/40\/revisions\/42"}],"wp:attachment":[{"href":"https:\/\/ronjakarkinen.fi\/index.php\/wp-json\/wp\/v2\/media?parent=40"}],"wp:term":[{"taxonomy":"category","embeddable":true,"href":"https:\/\/ronjakarkinen.fi\/index.php\/wp-json\/wp\/v2\/categories?post=40"},{"taxonomy":"post_tag","embeddable":true,"href":"https:\/\/ronjakarkinen.fi\/index.php\/wp-json\/wp\/v2\/tags?post=40"}],"curies":[{"name":"wp","href":"https:\/\/api.w.org\/{rel}","templated":true}]}}