{"id":38,"date":"2021-08-14T10:06:00","date_gmt":"2021-08-14T10:06:00","guid":{"rendered":"https:\/\/ronjakarkinen.fi\/?p=38"},"modified":"2023-01-01T22:25:12","modified_gmt":"2023-01-01T22:25:12","slug":"ipccn-raportti-kuvaa-hatatilaa-jota-elamme","status":"publish","type":"post","link":"https:\/\/ronjakarkinen.fi\/index.php\/2021\/08\/14\/ipccn-raportti-kuvaa-hatatilaa-jota-elamme\/","title":{"rendered":"IPCC:n raportti kuvaa h\u00e4t\u00e4tilaa, jota el\u00e4mme"},"content":{"rendered":"\n<p>T\u00e4n\u00e4 kes\u00e4n\u00e4 olemme saaneet kuulla maastopaloista, tulvista ja muista luonnonkatastrofeista ymp\u00e4ri maailmaa. Kirkkonummellakin on haistettu Inkoon mets\u00e4palon savuja ja surtu hein\u00e4kuun helteiss\u00e4 lakastuneita koivuja ja punaiseksi paahtunutta mustikkamaata. Maanantaina julkaistu ilmastonmuutospaneeli IPCC:n raportti maalaa yh\u00e4 synkkenev\u00e4\u00e4 kuvaa tulevaisuudestamme. Mahdollisuus l\u00e4mpenemisen pys\u00e4ytt\u00e4minen 1,5 -asteeseen on karkaamassa k\u00e4sist\u00e4mme nopeasti, sill\u00e4 j\u00e4ljell\u00e4 olevaa aikaa lasketaan vuosissa eik\u00e4 vuosikymmeniss\u00e4. Lis\u00e4ksi raportissa tuodaan esiin luonnonvoimien mahti: nyt aloittamamme kehityskulut ovat osittain sellaisia, joita emme saa pys\u00e4ytetty\u00e4 vaikka p\u00e4\u00e4st\u00f6t saataisiin nollaan heti t\u00e4n\u00e4 p\u00e4iv\u00e4n\u00e4. Esimerkiksi merenpinta tulee nousemaan v\u00e4hint\u00e4\u00e4n satoja vuosia, teimme sitten mit\u00e4 vain.<\/p>\n\n\n\n<p><a><\/a>On t\u00e4rke\u00e4\u00e4, ett\u00e4 meill\u00e4 on realistinen k\u00e4sitys tulevaisuudesta. Ilmastonmuutoksen vaikutusten pahetessa tulevat vuodet ja vuosikymmenet tulevat olemaan monin tavoin edellisi\u00e4 vaikeampia ja sis\u00e4lt\u00e4m\u00e4\u00e4n paljon sellaisia riskej\u00e4 ja n\u00e4k\u00f6kulmia, joita emme ole aiemmin joutuneet ottamaan huomioon. Kunnanvaltuuston ty\u00f6n alkaessa t\u00e4ss\u00e4 kuussa meid\u00e4n valtuutettujen on yhdess\u00e4 hahmotettava se kriisiaika, jota el\u00e4mme ja sen vaikutukset Kirkkonummen kunnan toimintaan.<\/p>\n\n\n\n<p><a><\/a>Nyt k\u00e4sill\u00e4 olevat vuodet, kun ilmastonmuutoksen hillint\u00e4 mill\u00e4\u00e4n tavalla j\u00e4rkeviin rajoihin on viel\u00e4 viimeisen kerran mahdollista, ovat ihmiskunnan historiassa t\u00e4ysin poikkeuksellista aikaa. Tekemisemme ja tekem\u00e4tt\u00e4 j\u00e4tt\u00e4misemme m\u00e4\u00e4ritt\u00e4v\u00e4t tulevaisuuden suunnan kattavammin kuin koskaan aiemmin. Meilt\u00e4 kaikilta ja erityisesti p\u00e4\u00e4tt\u00e4jilt\u00e4 kysyt\u00e4\u00e4n nyt, mill\u00e4 puolella historiaa olemme.<\/p>\n\n\n\n<p><a><\/a><em>Teksti julkaistu Kirkkonummen sanomien numerossa 15.8.<\/em><\/p>\n","protected":false},"excerpt":{"rendered":"<p>T\u00e4n\u00e4 kes\u00e4n\u00e4 olemme saaneet kuulla maastopaloista, tulvista ja muista luonnonkatastrofeista ymp\u00e4ri maailmaa. Kirkkonummellakin on haistettu Inkoon mets\u00e4palon savuja ja surtu hein\u00e4kuun helteiss\u00e4 lakastuneita koivuja ja punaiseksi paahtunutta mustikkamaata. Maanantaina julkaistu ilmastonmuutospaneeli IPCC:n raportti maalaa yh\u00e4 synkkenev\u00e4\u00e4 kuvaa tulevaisuudestamme. Mahdollisuus l\u00e4mpenemisen pys\u00e4ytt\u00e4minen 1,5 -asteeseen on karkaamassa k\u00e4sist\u00e4mme nopeasti, sill\u00e4 j\u00e4ljell\u00e4 olevaa aikaa lasketaan vuosissa eik\u00e4 vuosikymmeniss\u00e4. &hellip; <\/p>\n","protected":false},"author":1,"featured_media":0,"comment_status":"open","ping_status":"open","sticky":false,"template":"","format":"standard","meta":{"footnotes":""},"categories":[4],"tags":[],"class_list":["post-38","post","type-post","status-publish","format-standard","hentry","category-ilmastokestavyys","grid-sizer"],"_links":{"self":[{"href":"https:\/\/ronjakarkinen.fi\/index.php\/wp-json\/wp\/v2\/posts\/38","targetHints":{"allow":["GET"]}}],"collection":[{"href":"https:\/\/ronjakarkinen.fi\/index.php\/wp-json\/wp\/v2\/posts"}],"about":[{"href":"https:\/\/ronjakarkinen.fi\/index.php\/wp-json\/wp\/v2\/types\/post"}],"author":[{"embeddable":true,"href":"https:\/\/ronjakarkinen.fi\/index.php\/wp-json\/wp\/v2\/users\/1"}],"replies":[{"embeddable":true,"href":"https:\/\/ronjakarkinen.fi\/index.php\/wp-json\/wp\/v2\/comments?post=38"}],"version-history":[{"count":1,"href":"https:\/\/ronjakarkinen.fi\/index.php\/wp-json\/wp\/v2\/posts\/38\/revisions"}],"predecessor-version":[{"id":39,"href":"https:\/\/ronjakarkinen.fi\/index.php\/wp-json\/wp\/v2\/posts\/38\/revisions\/39"}],"wp:attachment":[{"href":"https:\/\/ronjakarkinen.fi\/index.php\/wp-json\/wp\/v2\/media?parent=38"}],"wp:term":[{"taxonomy":"category","embeddable":true,"href":"https:\/\/ronjakarkinen.fi\/index.php\/wp-json\/wp\/v2\/categories?post=38"},{"taxonomy":"post_tag","embeddable":true,"href":"https:\/\/ronjakarkinen.fi\/index.php\/wp-json\/wp\/v2\/tags?post=38"}],"curies":[{"name":"wp","href":"https:\/\/api.w.org\/{rel}","templated":true}]}}