{"id":36,"date":"2021-06-10T10:04:00","date_gmt":"2021-06-10T10:04:00","guid":{"rendered":"https:\/\/ronjakarkinen.fi\/?p=36"},"modified":"2023-01-01T22:25:40","modified_gmt":"2023-01-01T22:25:40","slug":"kolme-isoa-syyta-miksi-ilmasto-on-tarkein-vaaliteema","status":"publish","type":"post","link":"https:\/\/ronjakarkinen.fi\/index.php\/2021\/06\/10\/kolme-isoa-syyta-miksi-ilmasto-on-tarkein-vaaliteema\/","title":{"rendered":"Kolme isoa syyt\u00e4, miksi ilmasto on t\u00e4rkein vaaliteema"},"content":{"rendered":"\n\n\n<p>Olen tietoisesti ehdolla vain yhdell\u00e4 teemalla. Ilmasto ja muu ekologinen kriisi on kaikkein t\u00e4rkein kysymys, joka meill\u00e4 my\u00f6s kuntapolitiikassa on ratkaistavana. T\u00e4ss\u00e4 kolme perusteluani sille, miksi.<\/p>\n\n\n\n<p><a><\/a>1. Jos ilmastoasioita ei priorisoida, aiheutamme muilla p\u00e4\u00e4t\u00f6ksill\u00e4 todenn\u00e4k\u00f6isesti haittaa ilmastolle. Ekologinen kriisimme johtuu siit\u00e4 ett\u00e4, ilmasto ja muut ymp\u00e4rist\u00f6kysymykset liittyv\u00e4t kaikkeen tekemiseemme, mutta ne on j\u00e4tetty liian pitk\u00e4\u00e4n ottamatta kunnolla huomioon. Siksi meill\u00e4 on nyt eritt\u00e4in kova kiire tehd\u00e4 suuria muutoksia kaikkialla maailmassa.<\/p>\n\n\n\n<p><a><\/a>2. Ilmastoasioiden painottaminen on aikamme suurin oikeudenmukaisuuskysymys. P\u00e4\u00e4st\u00f6t syntyv\u00e4t erityisesti vauraiden ihmisten, kuten suomalaisten, el\u00e4m\u00e4ntavasta ja vaikutukset osuvat pahimmin niihin, jotka eiv\u00e4t ole ilmi\u00f6st\u00e4 vastuussa. <a href=\"https:\/\/plan.fi\/sites\/default\/files\/plan_images\/ilmastonmuutos-uhkaa-tyttojen-oikeuksia.pdf\" target=\"_blank\" rel=\"noreferrer noopener\"><u>Yhdeks\u00e4n kymmenest\u00e4 luonnonkatastrofista<\/u><\/a> tapahtuu kehittyviss\u00e4 maissa, joissa on my\u00f6s heikoimmat mahdollisuudet varautua kriiseihin ja muihin ilmastonmuutoksen vaikutuksiin. Niin kauan kuin hiilidioksidin m\u00e4\u00e4r\u00e4 ilmakeh\u00e4ss\u00e4 kasvaa, my\u00f6s ahdinko maailman hauraimmilla alueilla kasvaa.<\/p>\n\n\n\n<p>Lis\u00e4ksi lapset kaikkialla maailmassa ovat t\u00e4ysin viattomia ongelmaan, mutta joutuvat el\u00e4m\u00e4\u00e4n pahenevien vaikutusten maailmassa. Ilmastokysymysten ottaminen t\u00e4ysin tosissaan on nyt ainoa tapa, jolla voimme osoittaa v\u00e4litt\u00e4v\u00e4mme.<\/p>\n\n\n\n<p><a><\/a>3. Ihmisten el\u00e4m\u00e4ntavat eiv\u00e4t ole vain omia valintoja, vaan niihin vaikuttaa monella tavalla yhteiskunta normeineen ja k\u00e4yt\u00e4nt\u00f6ineen. N\u00e4in kuntapolitiikalla on suuri merkitys siin\u00e4, onko kuntalaisten mahdollista el\u00e4\u00e4 kest\u00e4v\u00e4\u00e4 el\u00e4m\u00e4\u00e4 ja tekev\u00e4tk\u00f6 he todenn\u00e4k\u00f6isesti niin. Liikenteeseen, asumiseen, harrastuksiin, ruokailuun ja kasvatukseen liittyv\u00e4t poliittiset valinnat vaikuttavat suoraan kuntalaisten hiilijalanj\u00e4lkeen. Lis\u00e4ksi kunnan oma esimerkki ja asennoituminen vaikuttaa yleiseen mentaliteettiin: ilmastotoimia on t\u00e4rke\u00e4\u00e4 tuntea tekev\u00e4ns\u00e4 muiden kanssa yhdess\u00e4.<\/p>\n\n\n\n<p><a><\/a>Ilman kuntien ja yhteis\u00f6jen toimia kaikkialla maailmassa ekologista kriisi\u00e4 ei saada ratkaistua.<\/p>\n\n\n\n<p><a><\/a>Toivon, ett\u00e4 tulen valituksi kunnanvaltuustoon, jotta voin pit\u00e4\u00e4 huolta, ett\u00e4 ilmaston\u00e4k\u00f6kulma on mukana kaikessa p\u00e4\u00e4t\u00f6ksenteossa. Haluan olla tekem\u00e4ss\u00e4 ekologista kuntapolitiikkaa, josta voimme kaikki olla ylpeit\u00e4.<\/p>\n","protected":false},"excerpt":{"rendered":"<p>Olen tietoisesti ehdolla vain yhdell\u00e4 teemalla. Ilmasto ja muu ekologinen kriisi on kaikkein t\u00e4rkein kysymys, joka meill\u00e4 my\u00f6s kuntapolitiikassa on ratkaistavana. T\u00e4ss\u00e4 kolme perusteluani sille, miksi. 1. Jos ilmastoasioita ei priorisoida, aiheutamme muilla p\u00e4\u00e4t\u00f6ksill\u00e4 todenn\u00e4k\u00f6isesti haittaa ilmastolle. Ekologinen kriisimme johtuu siit\u00e4 ett\u00e4, ilmasto ja muut ymp\u00e4rist\u00f6kysymykset liittyv\u00e4t kaikkeen tekemiseemme, mutta ne on j\u00e4tetty liian pitk\u00e4\u00e4n &hellip; <\/p>\n","protected":false},"author":1,"featured_media":0,"comment_status":"open","ping_status":"closed","sticky":false,"template":"","format":"standard","meta":{"footnotes":""},"categories":[3],"tags":[],"class_list":["post-36","post","type-post","status-publish","format-standard","hentry","category-kunnallisvaalit-2021","grid-sizer"],"_links":{"self":[{"href":"https:\/\/ronjakarkinen.fi\/index.php\/wp-json\/wp\/v2\/posts\/36","targetHints":{"allow":["GET"]}}],"collection":[{"href":"https:\/\/ronjakarkinen.fi\/index.php\/wp-json\/wp\/v2\/posts"}],"about":[{"href":"https:\/\/ronjakarkinen.fi\/index.php\/wp-json\/wp\/v2\/types\/post"}],"author":[{"embeddable":true,"href":"https:\/\/ronjakarkinen.fi\/index.php\/wp-json\/wp\/v2\/users\/1"}],"replies":[{"embeddable":true,"href":"https:\/\/ronjakarkinen.fi\/index.php\/wp-json\/wp\/v2\/comments?post=36"}],"version-history":[{"count":1,"href":"https:\/\/ronjakarkinen.fi\/index.php\/wp-json\/wp\/v2\/posts\/36\/revisions"}],"predecessor-version":[{"id":37,"href":"https:\/\/ronjakarkinen.fi\/index.php\/wp-json\/wp\/v2\/posts\/36\/revisions\/37"}],"wp:attachment":[{"href":"https:\/\/ronjakarkinen.fi\/index.php\/wp-json\/wp\/v2\/media?parent=36"}],"wp:term":[{"taxonomy":"category","embeddable":true,"href":"https:\/\/ronjakarkinen.fi\/index.php\/wp-json\/wp\/v2\/categories?post=36"},{"taxonomy":"post_tag","embeddable":true,"href":"https:\/\/ronjakarkinen.fi\/index.php\/wp-json\/wp\/v2\/tags?post=36"}],"curies":[{"name":"wp","href":"https:\/\/api.w.org\/{rel}","templated":true}]}}