{"id":31,"date":"2021-05-08T10:01:00","date_gmt":"2021-05-08T10:01:00","guid":{"rendered":"https:\/\/ronjakarkinen.fi\/?p=31"},"modified":"2023-01-01T22:27:43","modified_gmt":"2023-01-01T22:27:43","slug":"ilmastonmuutokseen-varautuminen-vaatii-paradigman-muutoksen","status":"publish","type":"post","link":"https:\/\/ronjakarkinen.fi\/index.php\/2021\/05\/08\/ilmastonmuutokseen-varautuminen-vaatii-paradigman-muutoksen\/","title":{"rendered":"Ilmastonmuutokseen varautuminen vaatii paradigman muutoksen"},"content":{"rendered":"\n<p><strong>Jokainen huomaa varmasti ymp\u00e4rist\u00f6ss\u00e4\u00e4n jo muutoksia entiseen. Itse olen esimerkiksi n\u00e4hnyt peurojen m\u00e4\u00e4r\u00e4n lis\u00e4\u00e4ntyneen voimakkaasti lapsuusvuosistani, kun talvet ovat olleet niille leutoja ja armollisia. Kannan kasvu aiheuttaa sato- ja mets\u00e4vahinkoja sek\u00e4 vaaraa liikenteelle.<\/strong><\/p>\n\n\n\n<p><a><\/a><strong>N\u00e4kyv\u00e4t muutokset ovat ehk\u00e4 viel\u00e4 melko pieni\u00e4, mutta valitettavasti ilmastonmuutoksen vaikutukset eiv\u00e4t kulje lineaarisella k\u00e4yr\u00e4ll\u00e4 vaan pahenevat l\u00e4mp\u00f6tilan yh\u00e4 kasvaessa. L\u00e4mp\u00f6tilan kasvu on my\u00f6s v\u00e4ist\u00e4m\u00e4t\u00f6nt\u00e4, sill\u00e4 vaikka Pariisin ilmastosopimus saavutettaisiin (mit\u00e4 kovasti toivon), l\u00e4mp\u00f6tila kohoaa silti nykyisest\u00e4 &#8211; eik\u00e4 laske, ennen kuin ylim\u00e4\u00e4r\u00e4inen hiili saadaan sidottua ilmasta pois.<\/strong><\/p>\n\n\n\n<p><a><\/a><strong>T\u00e4st\u00e4 syyst\u00e4 on eritt\u00e4in t\u00e4rke\u00e4\u00e4 varautua muutoksen vaikutuksiin.<\/strong><\/p>\n\n\n\n<p><a><\/a><strong>Kirkkonummella on analysoitu, ett\u00e4 muutos vaikuttaa rakenteiden kest\u00e4vyyteen lis\u00e4\u00e4ntyviss\u00e4 sateissa, tulvissa ja myrskyiss\u00e4. Luonnonlajien selviytymisest\u00e4 muutoksessa ollaan huolissaan ja t\u00e4st\u00e4 syyst\u00e4 esimerkiksi yhten\u00e4isi\u00e4 luontoalueita ja vieraslajien torjuntaa pidet\u00e4\u00e4n t\u00e4rke\u00e4n\u00e4. Kuntalaisten haavoittuvuus huolettaa: miten k\u00e4y maanviljelij\u00e4n tuloille kuivuudessa, talon omistajalle tulvassa ja miten voitaisiin suojella lapsia ja vanhuksia kuumuusaalloilta?<\/strong><\/p>\n\n\n\n<p><a><\/a><strong>Varautumisty\u00f6t\u00e4 on kunnassamme jo tehty esimerkiksi hulevesisuunnitelmassa ja ilmastokoordinaattorin kokoamassa kest\u00e4v\u00e4n energian ja ilmaston toimintasuunnitelmassa. Siin\u00e4 kuitenkin todetaan, ett\u00e4 lis\u00e4ty\u00f6lle on tarvetta ja Kirkkonummelta puuttuu varautumisen strategia. Sellainen olisi t\u00e4rke\u00e4\u00e4 luoda.<\/strong><\/p>\n\n\n\n<p><a><\/a><strong>Mielest\u00e4ni t\u00e4rke\u00e4\u00e4 on my\u00f6s huomata, ett\u00e4 ilmi\u00f6ss\u00e4 ei kuitenkaan ole kyse vain ilmastollisten muutosten ennakoinnista vaan sosiaalisesti merkitt\u00e4v\u00e4st\u00e4 paradigman muutoksesta. Luimme juuri Kirkkonummen ilmastolukupiiriss\u00e4 teoksen, jonka nimi on osuvasti <\/strong><em>Hyv\u00e4n s\u00e4\u00e4n aikana &#8211; Mit\u00e4 Suomi tekee, kun ilmasto muuttaa kaiken <\/em><strong>(Into 2018). Kirjassa Aleksanteri-instituutin tutkija Emma Hakala huomauttaa, ett\u00e4 Suomessa sopeutuminen ymm\u00e4rret\u00e4\u00e4n liiaksi vain teknisin\u00e4 ratkaisuina, eik\u00e4 yhteiskunnallista muutosta oteta tarpeeksi huomioon: sen lis\u00e4ksi, ett\u00e4 muutos vaikuttaa s\u00e4\u00e4ilmi\u00f6ihin, se muuttaa my\u00f6s ihmisten v\u00e4lisi\u00e4 suhteita, arkitodellisuutta ja kulttuuria.<\/strong><\/p>\n\n\n\n<p><a><\/a><strong>Ilmasto todella muuttaa kaiken. Se muuttaa arvostuksia, yhteiskunnallisia tavoitteenasetteluja ja kansainv\u00e4list\u00e4 ja kansallista ymp\u00e4rist\u00f6\u00e4, ammatteja, koulutusaloja ja lasten kasvatusta. Ennen kaikkea ilmastonmuutos yhdess\u00e4 luonnonvarojen ylikulutuksen ja biodiversiteetin hupenemisen my\u00f6t\u00e4 vaikuttaa v\u00e4ist\u00e4m\u00e4tt\u00e4 my\u00f6s talousj\u00e4rjestelm\u00e4n toimintalogiikkaan, sill\u00e4 nykyisenkaltainen kasvun tavoittelu on kiinte\u00e4ss\u00e4 yhteydess\u00e4 ymp\u00e4rist\u00f6ongelmien eskaloitumiseen.<\/strong><\/p>\n\n\n\n<p><a><\/a><strong>Ilmastonmuutokseen varautuminen ja varautumisesta puhuminen onkin t\u00e4rke\u00e4\u00e4 my\u00f6s siksi, ett\u00e4 se tekee ilmi\u00f6n kokonaisuudessaan todeksi. Sen lis\u00e4ksi ett\u00e4 torjumme muutosta parhaamme mukaan, meid\u00e4n on sopeuduttava siihen uudenlaiseen ajatteluun ja el\u00e4m\u00e4\u00e4n, jota se vaatii meilt\u00e4 nyt. Kuntap\u00e4\u00e4tt\u00e4jien on otettava vastuu siit\u00e4, ett\u00e4 ilmastonmuutoksesta puhutaan ja tarvittavat muutokset saadaan paikallisesti toteutettua.<\/strong><\/p>\n","protected":false},"excerpt":{"rendered":"<p>Jokainen huomaa varmasti ymp\u00e4rist\u00f6ss\u00e4\u00e4n jo muutoksia entiseen. Itse olen esimerkiksi n\u00e4hnyt peurojen m\u00e4\u00e4r\u00e4n lis\u00e4\u00e4ntyneen voimakkaasti lapsuusvuosistani, kun talvet ovat olleet niille leutoja ja armollisia. Kannan kasvu aiheuttaa sato- ja mets\u00e4vahinkoja sek\u00e4 vaaraa liikenteelle. N\u00e4kyv\u00e4t muutokset ovat ehk\u00e4 viel\u00e4 melko pieni\u00e4, mutta valitettavasti ilmastonmuutoksen vaikutukset eiv\u00e4t kulje lineaarisella k\u00e4yr\u00e4ll\u00e4 vaan pahenevat l\u00e4mp\u00f6tilan yh\u00e4 kasvaessa. L\u00e4mp\u00f6tilan kasvu &hellip; <\/p>\n","protected":false},"author":1,"featured_media":0,"comment_status":"open","ping_status":"open","sticky":false,"template":"","format":"standard","meta":{"footnotes":""},"categories":[4,3],"tags":[],"class_list":["post-31","post","type-post","status-publish","format-standard","hentry","category-ilmastokestavyys","category-kunnallisvaalit-2021","grid-sizer"],"_links":{"self":[{"href":"https:\/\/ronjakarkinen.fi\/index.php\/wp-json\/wp\/v2\/posts\/31","targetHints":{"allow":["GET"]}}],"collection":[{"href":"https:\/\/ronjakarkinen.fi\/index.php\/wp-json\/wp\/v2\/posts"}],"about":[{"href":"https:\/\/ronjakarkinen.fi\/index.php\/wp-json\/wp\/v2\/types\/post"}],"author":[{"embeddable":true,"href":"https:\/\/ronjakarkinen.fi\/index.php\/wp-json\/wp\/v2\/users\/1"}],"replies":[{"embeddable":true,"href":"https:\/\/ronjakarkinen.fi\/index.php\/wp-json\/wp\/v2\/comments?post=31"}],"version-history":[{"count":2,"href":"https:\/\/ronjakarkinen.fi\/index.php\/wp-json\/wp\/v2\/posts\/31\/revisions"}],"predecessor-version":[{"id":35,"href":"https:\/\/ronjakarkinen.fi\/index.php\/wp-json\/wp\/v2\/posts\/31\/revisions\/35"}],"wp:attachment":[{"href":"https:\/\/ronjakarkinen.fi\/index.php\/wp-json\/wp\/v2\/media?parent=31"}],"wp:term":[{"taxonomy":"category","embeddable":true,"href":"https:\/\/ronjakarkinen.fi\/index.php\/wp-json\/wp\/v2\/categories?post=31"},{"taxonomy":"post_tag","embeddable":true,"href":"https:\/\/ronjakarkinen.fi\/index.php\/wp-json\/wp\/v2\/tags?post=31"}],"curies":[{"name":"wp","href":"https:\/\/api.w.org\/{rel}","templated":true}]}}