{"id":241,"date":"2026-04-08T11:36:02","date_gmt":"2026-04-08T11:36:02","guid":{"rendered":"https:\/\/ronjakarkinen.fi\/?p=241"},"modified":"2026-04-08T11:45:11","modified_gmt":"2026-04-08T11:45:11","slug":"koyhyys-on-poliittinen-valinta-ja-poistettavissa","status":"publish","type":"post","link":"https:\/\/ronjakarkinen.fi\/index.php\/2026\/04\/08\/koyhyys-on-poliittinen-valinta-ja-poistettavissa\/","title":{"rendered":"K\u00f6yhyys on poliittinen valinta \u2013 ja poistettavissa"},"content":{"rendered":"\n<p>Viime vuosisatoina n\u00e4hty h\u00e4mm\u00e4stytt\u00e4v\u00e4 vaurauden kasvu on muuttanut perustavanlaatuisesti yhteiskuntiamme. K\u00f6yhyys ei ole en\u00e4\u00e4 v\u00e4ist\u00e4m\u00e4t\u00f6n osa ihmiskunnan todellisuutta, vaan suoraa seurausta poliittisista valinnoista ja resurssien ep\u00e4tasaisesta jakautumisesta. \u00c4\u00e4rimm\u00e4inen k\u00f6yhyys olisi taloudellisesti mahdollista poistaa, jos poliittista tahtoa olisi.&nbsp;<\/p>\n\n\n\n<p>Koska verkottuneen talouden maailmassa ongelma on yhteinen, k\u00f6yhyyden poistaminen edellytt\u00e4\u00e4 yhteisty\u00f6t\u00e4 my\u00f6s kansainv\u00e4lisesti. Euroopan unionissa valmistellaan ensimm\u00e4ist\u00e4 k\u00f6yhyyden vastaista strategiaa, mik\u00e4 on t\u00e4rke\u00e4 askel, sill\u00e4 vuonna 2024 joka viides eurooppalainen oli k\u00f6yhyys- ja syrj\u00e4ytymisriskiss\u00e4. Tuloerojen lis\u00e4ksi kasvussa ovat olleet my\u00f6s varallisuuserot sek\u00e4 sukupuolten ja alueiden v\u00e4liset erot. Euroopan parlamentti on korostanut julkisten palvelujen saatavuutta, asunnottomuuden ehk\u00e4isy\u00e4 ja lapsik\u00f6yhyyden v\u00e4hent\u00e4mist\u00e4 keskeisin\u00e4 toimenpitein\u00e4.<\/p>\n\n\n\n<p>Suomessa Orpon hallituksen kylm\u00e4 politiikka on lis\u00e4nnyt k\u00f6yhyytt\u00e4 ja eriarvoisuutta. Esimerkiksi kohtuuttomat leikkaukset sosiaaliturvaan sek\u00e4 kohtuuhintaisen asuntotuotannon ja asumisneuvonnan alasajo ovat kasvattaneet eriarvoisuutta ja lis\u00e4nneet erityisesti lapsik\u00f6yhyytt\u00e4. T\u00e4m\u00e4kin korostaa tarvetta laajemmalle, my\u00f6s EU-tasoiselle, strategiselle otteelle k\u00f6yhyyden torjumiseksi.<\/p>\n\n\n\n<p>K\u00f6yhyyden v\u00e4hent\u00e4miseksi Suomessa keskeisi\u00e4 toimia ovat sosiaaliturvan riitt\u00e4vyyden turvaaminen, perusturvan korottaminen, kohtuuhintaisen asumisen lis\u00e4\u00e4minen sek\u00e4 panostukset koulutukseen ja ty\u00f6llisyyteen. Erityist\u00e4 huomiota tulee kiinnitt\u00e4\u00e4 lapsiperheisiin ja nuorten syrj\u00e4ytymisen ehk\u00e4isyyn. Lis\u00e4ksi verotuksen progressiivisuutta voidaan vahvistaa tuloerojen kaventamiseksi, erityisesti superrikkaiden varallisuutta pit\u00e4isi pysty\u00e4 verottamaan aiempaa tehokkaammin.<\/p>\n\n\n\n<p>K\u00f6yhyys ei ole v\u00e4ist\u00e4m\u00e4t\u00f6n ilmi\u00f6, vaan ratkaistavissa oleva ongelma. Ja se t\u00e4ytyy nyt ratkaista.<\/p>\n\n\n\n<p>Maria Ohisalo<\/p>\n\n\n\n<p>Euroopan parlamentin j\u00e4sen, Vihre\u00e4t\/EFA<\/p>\n\n\n\n<p>Ronja Karkinen<\/p>\n\n\n\n<p>kunnanvaltuutettu, Kirkkonummi, Vihre\u00e4t<\/p>\n\n\n\n<p><em>Teksti on julkaistu alunperin Kirkkonummen Sanomissa 8.4.2026<\/em><\/p>\n\n\n\n<p><\/p>\n","protected":false},"excerpt":{"rendered":"<p>Viime vuosisatoina n\u00e4hty h\u00e4mm\u00e4stytt\u00e4v\u00e4 vaurauden kasvu on muuttanut perustavanlaatuisesti yhteiskuntiamme. K\u00f6yhyys ei ole en\u00e4\u00e4 v\u00e4ist\u00e4m\u00e4t\u00f6n osa ihmiskunnan todellisuutta, vaan suoraa seurausta poliittisista valinnoista ja resurssien ep\u00e4tasaisesta jakautumisesta. \u00c4\u00e4rimm\u00e4inen k\u00f6yhyys olisi taloudellisesti mahdollista poistaa, jos poliittista tahtoa olisi.&nbsp; Koska verkottuneen talouden maailmassa ongelma on yhteinen, k\u00f6yhyyden poistaminen edellytt\u00e4\u00e4 yhteisty\u00f6t\u00e4 my\u00f6s kansainv\u00e4lisesti. Euroopan unionissa valmistellaan ensimm\u00e4ist\u00e4 k\u00f6yhyyden &hellip; <\/p>\n","protected":false},"author":1,"featured_media":246,"comment_status":"open","ping_status":"open","sticky":false,"template":"","format":"standard","meta":{"footnotes":""},"categories":[36],"tags":[33,35,32,34],"class_list":["post-241","post","type-post","status-publish","format-standard","has-post-thumbnail","hentry","category-koyhyys","tag-euroopan-unioni","tag-koyhyyden-vastainen-strategia","tag-koyhyys","tag-maria-ohisalo","grid-sizer"],"_links":{"self":[{"href":"https:\/\/ronjakarkinen.fi\/index.php\/wp-json\/wp\/v2\/posts\/241","targetHints":{"allow":["GET"]}}],"collection":[{"href":"https:\/\/ronjakarkinen.fi\/index.php\/wp-json\/wp\/v2\/posts"}],"about":[{"href":"https:\/\/ronjakarkinen.fi\/index.php\/wp-json\/wp\/v2\/types\/post"}],"author":[{"embeddable":true,"href":"https:\/\/ronjakarkinen.fi\/index.php\/wp-json\/wp\/v2\/users\/1"}],"replies":[{"embeddable":true,"href":"https:\/\/ronjakarkinen.fi\/index.php\/wp-json\/wp\/v2\/comments?post=241"}],"version-history":[{"count":2,"href":"https:\/\/ronjakarkinen.fi\/index.php\/wp-json\/wp\/v2\/posts\/241\/revisions"}],"predecessor-version":[{"id":248,"href":"https:\/\/ronjakarkinen.fi\/index.php\/wp-json\/wp\/v2\/posts\/241\/revisions\/248"}],"wp:featuredmedia":[{"embeddable":true,"href":"https:\/\/ronjakarkinen.fi\/index.php\/wp-json\/wp\/v2\/media\/246"}],"wp:attachment":[{"href":"https:\/\/ronjakarkinen.fi\/index.php\/wp-json\/wp\/v2\/media?parent=241"}],"wp:term":[{"taxonomy":"category","embeddable":true,"href":"https:\/\/ronjakarkinen.fi\/index.php\/wp-json\/wp\/v2\/categories?post=241"},{"taxonomy":"post_tag","embeddable":true,"href":"https:\/\/ronjakarkinen.fi\/index.php\/wp-json\/wp\/v2\/tags?post=241"}],"curies":[{"name":"wp","href":"https:\/\/api.w.org\/{rel}","templated":true}]}}