{"id":234,"date":"2026-02-19T10:21:49","date_gmt":"2026-02-19T10:21:49","guid":{"rendered":"https:\/\/ronjakarkinen.fi\/?p=234"},"modified":"2026-02-19T10:36:19","modified_gmt":"2026-02-19T10:36:19","slug":"kuka-ottaisi-arkkitehtuurihelmen-omakseen","status":"publish","type":"post","link":"https:\/\/ronjakarkinen.fi\/index.php\/2026\/02\/19\/kuka-ottaisi-arkkitehtuurihelmen-omakseen\/","title":{"rendered":"Kuka ottaisi arkkitehtuurihelmen omakseen?"},"content":{"rendered":"\n<p>Osallistuin viime viikolla Fyyriss\u00e4 j\u00e4rjestettyyn Valon sieppaaja -elokuvan\u00e4yt\u00f6kseen. Komea puolituntinen kertoi Juha Leivisk\u00e4st\u00e4, yhdest\u00e4 Suomen kansainv\u00e4lisesti kuuluisimmasta arkkitehdista. Leivisk\u00e4ll\u00e4 oli ainutlaatuinen tyyli j\u00e4rjest\u00e4\u00e4 rakennuksiin eri suuntaisia pilareita, joilla h\u00e4n sai valon hajaantumaan ja kerrostumaan osaksi tilan arkkitehtuuria.<\/p>\n\n\n\n<p>2023 edesmenneen Leivisk\u00e4n el\u00e4m\u00e4nty\u00f6 on ajankohtainen aihe Kirkkonummella, sill\u00e4 h\u00e4nen suunnittelemansa seurakuntatalo on jo pitk\u00e4\u00e4n ollut m\u00e4\u00e4r\u00e4 purkaa. Kunta on kuitenkin my\u00f6nt\u00e4nyt purkuluvan vain osalle rakennuksesta, ja asia odottaa t\u00e4ll\u00e4 hetkell\u00e4 seurakunnan j\u00e4tt\u00e4m\u00e4n oikaisuvaatimuksen k\u00e4sittely\u00e4.<\/p>\n\n\n\n<p>Kirkkonummen Sanomissa 4.2. seurakunnan johtavien virkahenkil\u00f6iden yhteiskirjoituksessa otettiin kantaa seurakunnan n\u00e4kemykseen kysymyksess\u00e4 &#8211; seurakuntatalo ei en\u00e4\u00e4 palvele seurakunnan tarpeita. Oli ilahduttavaa, ett\u00e4 samalla seurakuntayhtym\u00e4n todettiin ottavan vastaan tarjouksia, jos halukkaita jatkajia Leivisk\u00e4n rakennukselle l\u00f6ytyisi.&nbsp;<\/p>\n\n\n\n<p>Toivon, ett\u00e4 l\u00f6ytyisi taho, joka tarttuisi tarjoukseen. Tila olisi kunnostettuna upea esimerkiksi taidegalleriana tai museona. Se sijaitsee erinomaisella paikalla ja p\u00e4\u00e4sisi pian keskustelemaan aivan viereen rakentuvan, monella tapaa visuaalisesti samanhenkisen&nbsp; lukiokampus Lyyran kanssa. Porkkalan palautuksen muistop\u00e4iv\u00e4 sai minut miettim\u00e4\u00e4n: olisiko t\u00e4ss\u00e4 mit\u00e4 tyylikk\u00e4in tila esimerkiksi veteraanij\u00e4rjest\u00f6ille perustaa museo parenteesiaikaa ja muuta Suomen 1900-luvun historiaa muistamaan?<\/p>\n\n\n\n<p>Kun rakennus on odottanut kohtaloaan toimettomana vuosia, on ohi kulkiessaan ehk\u00e4 vaikea n\u00e4hd\u00e4 sit\u00e4 mestariteoksena. Elokuva kuitenkin her\u00e4tti minussa muiston lapsuudesta, kun olen osallistunut talossa pidettyyn juhlaan. Muistikuvani on avara valkea tila: kaunis, ja ilman muuta valoisa. Olisi mahtavaa, jos saisimme s\u00e4ilytetty\u00e4 t\u00e4m\u00e4n kulttuurikohteen Kirkkonummella, loistoonsa palautettuna tuomassa kerroksellisuutta muuten niin nopeasti muuttuvaan maisemaan.&nbsp;<\/p>\n\n\n\n<p><em>Teksti on julkaistu Kirkkonummen Sanomissa 18.2.2026<\/em><\/p>\n","protected":false},"excerpt":{"rendered":"<p>Osallistuin viime viikolla Fyyriss\u00e4 j\u00e4rjestettyyn Valon sieppaaja -elokuvan\u00e4yt\u00f6kseen. Komea puolituntinen kertoi Juha Leivisk\u00e4st\u00e4, yhdest\u00e4 Suomen kansainv\u00e4lisesti kuuluisimmasta arkkitehdista. Leivisk\u00e4ll\u00e4 oli ainutlaatuinen tyyli j\u00e4rjest\u00e4\u00e4 rakennuksiin eri suuntaisia pilareita, joilla h\u00e4n sai valon hajaantumaan ja kerrostumaan osaksi tilan arkkitehtuuria. 2023 edesmenneen Leivisk\u00e4n el\u00e4m\u00e4nty\u00f6 on ajankohtainen aihe Kirkkonummella, sill\u00e4 h\u00e4nen suunnittelemansa seurakuntatalo on jo pitk\u00e4\u00e4n ollut m\u00e4\u00e4r\u00e4 purkaa. &hellip; <\/p>\n","protected":false},"author":1,"featured_media":236,"comment_status":"open","ping_status":"open","sticky":false,"template":"","format":"standard","meta":{"footnotes":""},"categories":[5],"tags":[30,28,31,29],"class_list":["post-234","post","type-post","status-publish","format-standard","has-post-thumbnail","hentry","category-kuntamme-asiat","tag-arkkitehtuuri","tag-juha-leiviska","tag-kirkkonummen-seurakuntatalo","tag-leiviska","grid-sizer"],"_links":{"self":[{"href":"https:\/\/ronjakarkinen.fi\/index.php\/wp-json\/wp\/v2\/posts\/234","targetHints":{"allow":["GET"]}}],"collection":[{"href":"https:\/\/ronjakarkinen.fi\/index.php\/wp-json\/wp\/v2\/posts"}],"about":[{"href":"https:\/\/ronjakarkinen.fi\/index.php\/wp-json\/wp\/v2\/types\/post"}],"author":[{"embeddable":true,"href":"https:\/\/ronjakarkinen.fi\/index.php\/wp-json\/wp\/v2\/users\/1"}],"replies":[{"embeddable":true,"href":"https:\/\/ronjakarkinen.fi\/index.php\/wp-json\/wp\/v2\/comments?post=234"}],"version-history":[{"count":3,"href":"https:\/\/ronjakarkinen.fi\/index.php\/wp-json\/wp\/v2\/posts\/234\/revisions"}],"predecessor-version":[{"id":239,"href":"https:\/\/ronjakarkinen.fi\/index.php\/wp-json\/wp\/v2\/posts\/234\/revisions\/239"}],"wp:featuredmedia":[{"embeddable":true,"href":"https:\/\/ronjakarkinen.fi\/index.php\/wp-json\/wp\/v2\/media\/236"}],"wp:attachment":[{"href":"https:\/\/ronjakarkinen.fi\/index.php\/wp-json\/wp\/v2\/media?parent=234"}],"wp:term":[{"taxonomy":"category","embeddable":true,"href":"https:\/\/ronjakarkinen.fi\/index.php\/wp-json\/wp\/v2\/categories?post=234"},{"taxonomy":"post_tag","embeddable":true,"href":"https:\/\/ronjakarkinen.fi\/index.php\/wp-json\/wp\/v2\/tags?post=234"}],"curies":[{"name":"wp","href":"https:\/\/api.w.org\/{rel}","templated":true}]}}