{"id":227,"date":"2025-11-23T13:23:43","date_gmt":"2025-11-23T13:23:43","guid":{"rendered":"https:\/\/ronjakarkinen.fi\/?p=227"},"modified":"2026-02-19T10:30:25","modified_gmt":"2026-02-19T10:30:25","slug":"ilmastokokousten-kunnianhimo-on-rakennettava-etukateen","status":"publish","type":"post","link":"https:\/\/ronjakarkinen.fi\/index.php\/2025\/11\/23\/ilmastokokousten-kunnianhimo-on-rakennettava-etukateen\/","title":{"rendered":"Ilmastokokousten kunnianhimo on rakennettava etuk\u00e4teen"},"content":{"rendered":"\n<p>Ilmastokokouksissa mitataan maailman ilmastokunnianhimon tasoa ja n\u00e4in oli erityisesti t\u00e4n\u00e4 vuonna Brasilian Bel\u00e9miss\u00e4, jossa kokous p\u00e4\u00e4ttyi eilen. Maiden tuli nimitt\u00e4in antaa ennen kokousta uudet p\u00e4\u00e4st\u00f6v\u00e4hennyssuunnitelmansa. Pariisin sopimus edellytt\u00e4\u00e4, ett\u00e4 suunnitelmat uusitaan viiden vuoden v\u00e4lein, ja jokaisen on oltava edelt\u00e4j\u00e4\u00e4ns\u00e4 kunnianhimoisempi.\u00a0<\/p>\n\n\n\n<p>Vaikka tilanne siis parani, valitettavasti kunnianhimon taso ei edelleenk\u00e4\u00e4n riit\u00e4: jos maat toteuttavat antamansa uusimmat sitoumukset, ilmasto kuumenee arviolta 2,3 &#8211; 2,5 astetta. Lis\u00e4ksi 73 maata ei toimittanut omaa suunnitelmaansa ajoissa kokoukseen, mik\u00e4 on valitettavaa. Kokouksen p\u00e4\u00e4t\u00f6slauselmassa my\u00f6h\u00e4styneit\u00e4 pyydet\u00e4\u00e4n toimittamaan omansa ripe\u00e4sti.&nbsp;<\/p>\n\n\n\n<p>On keskusteltavissa, kuinka vahvasti kokouksen <a href=\"https:\/\/unfccc.int\/sites\/default\/files\/resource\/cma2025_L24_adv.pdf\">Mutir\u00e3o -p\u00e4\u00e4t\u00f6slauselma <\/a>(sana tarkoittaa yhdess\u00e4 toimimista ja sen juuret ovat alkuper\u00e4iskansa Tupien kieless\u00e4) ottaa kantaa ongelman vakavuuteen. Ero 2,5- ja 1,5 -asteen v\u00e4lill\u00e4 on edelleen suuri. Ongelma kuitenkin selke\u00e4sti tunnistetaan ja kunnianhimoa halutaan kehitt\u00e4\u00e4. Kirjauksissa muun muassa kannustetaan maita p\u00e4ivitt\u00e4m\u00e4\u00e4n tavoitteitaan jo ennen seuraavaa deadlinea 2030. Lis\u00e4ksi p\u00e4\u00e4tet\u00e4\u00e4n perustaa uusi globaalin yhteisty\u00f6n malli, jonka tarkoitus on auttaa maita toteuttamaan suunnitelmiaan.&nbsp;<\/p>\n\n\n\n<p>Karrikoidusti sanottuna, ilmastokokousten j\u00e4lkeen YK juhlii yhdess\u00e4toimimisen voittoa ja kansalaisj\u00e4rjest\u00f6t ovat pettyneit\u00e4 kokouksen lopputuloksiin. Kumpikin on samaan aikaan totta. On arvokasta, ett\u00e4 maailman maat kokoontuvat yhteen, Pariisin sopimus on olemassa ja valtioilla on n\u00e4in ollen rakenne ongelmien ratkaisemiseen yhdess\u00e4. Toisaalta kunnianhimon taso ei toden totta edelleenk\u00e4\u00e4n riit\u00e4, eik\u00e4 Pariisin sopimuksen tekninen noudattaminen varmista, ett\u00e4 sen tavoitteissa onnistutaan.<\/p>\n\n\n\n<p>Kokouksilta voidaan odottaa tuloksia, mutta poliittisen tahtotilan on tultava osallistujlle jo aiemmin. T\u00e4h\u00e4n tarvitaan aktiivisia kansalaisia, jotka vaativat paljon, ja ajassaan kiinni olevaa kansallista poliittista keskustelua kaikissa maissa. Parhaimmillaan n\u00e4in luotu paine tiivistyy kuivakkaaksi mutta t\u00e4rke\u00e4ksi kansainv\u00e4listen sopimusten sis\u00e4ll\u00f6ksi.<\/p>\n\n\n\n<p>Toisaalta t\u00e4h\u00e4n ty\u00f6h\u00f6n saa kokouksista itselleen parhaimmillaan my\u00f6s inspiraatiota. T\u00e4n\u00e4 vuonna rohkea avaus oli ainakin Belemin ja edellisen kokouksen presidenttien yhteinen <a href=\"https:\/\/unfccc.int\/sites\/default\/files\/resource\/Relatorio_Roadmap_COP29_COP30_EN_final.pdf\">\u201cBaku to Belem Roadmap<\/a>\u201d, joka on t\u00e4ynn\u00e4 t\u00e4rkeit\u00e4 huomioita siit\u00e4, miten ilmastorahoitusta kehittyville maille saataisiin lis\u00e4tty\u00e4. Se ehdottaa muun muassa lentoveron k\u00e4ytt\u00f6\u00f6nottoa, luksustuotteiden ja aseiden erityisveroa, yritysten minimiveroja, varallisuusveroja ja velkojen anteeksiantoa ilmastotoimia vastaan. Vaikka dokumentti on ei-sitova ehdotus josta ei ollut edes tarkoitus p\u00e4\u00e4tt\u00e4\u00e4, on rohkaisevaa, ett\u00e4 ilmasto-oikeudenmukaisuudesta puhutaan t\u00e4ll\u00e4 tasolla n\u00e4ill\u00e4 termeill\u00e4.&nbsp;<\/p>\n","protected":false},"excerpt":{"rendered":"<p>Ilmastokokouksissa mitataan maailman ilmastokunnianhimon tasoa ja n\u00e4in oli erityisesti t\u00e4n\u00e4 vuonna Brasilian Bel\u00e9miss\u00e4, jossa kokous p\u00e4\u00e4ttyi eilen. Maiden tuli nimitt\u00e4in antaa ennen kokousta uudet p\u00e4\u00e4st\u00f6v\u00e4hennyssuunnitelmansa. Pariisin sopimus edellytt\u00e4\u00e4, ett\u00e4 suunnitelmat uusitaan viiden vuoden v\u00e4lein, ja jokaisen on oltava edelt\u00e4j\u00e4\u00e4ns\u00e4 kunnianhimoisempi.\u00a0 Vaikka tilanne siis parani, valitettavasti kunnianhimon taso ei edelleenk\u00e4\u00e4n riit\u00e4: jos maat toteuttavat antamansa uusimmat &hellip; <\/p>\n","protected":false},"author":1,"featured_media":230,"comment_status":"open","ping_status":"open","sticky":false,"template":"","format":"standard","meta":{"footnotes":""},"categories":[4],"tags":[26,25,22,23,27,24],"class_list":["post-227","post","type-post","status-publish","format-standard","has-post-thumbnail","hentry","category-ilmastokestavyys","tag-baku-to-belem-roadmap","tag-belem","tag-cop30","tag-ilmastokokous","tag-mutirao","tag-pariisin-ilmastosopimus","grid-sizer"],"_links":{"self":[{"href":"https:\/\/ronjakarkinen.fi\/index.php\/wp-json\/wp\/v2\/posts\/227","targetHints":{"allow":["GET"]}}],"collection":[{"href":"https:\/\/ronjakarkinen.fi\/index.php\/wp-json\/wp\/v2\/posts"}],"about":[{"href":"https:\/\/ronjakarkinen.fi\/index.php\/wp-json\/wp\/v2\/types\/post"}],"author":[{"embeddable":true,"href":"https:\/\/ronjakarkinen.fi\/index.php\/wp-json\/wp\/v2\/users\/1"}],"replies":[{"embeddable":true,"href":"https:\/\/ronjakarkinen.fi\/index.php\/wp-json\/wp\/v2\/comments?post=227"}],"version-history":[{"count":3,"href":"https:\/\/ronjakarkinen.fi\/index.php\/wp-json\/wp\/v2\/posts\/227\/revisions"}],"predecessor-version":[{"id":232,"href":"https:\/\/ronjakarkinen.fi\/index.php\/wp-json\/wp\/v2\/posts\/227\/revisions\/232"}],"wp:featuredmedia":[{"embeddable":true,"href":"https:\/\/ronjakarkinen.fi\/index.php\/wp-json\/wp\/v2\/media\/230"}],"wp:attachment":[{"href":"https:\/\/ronjakarkinen.fi\/index.php\/wp-json\/wp\/v2\/media?parent=227"}],"wp:term":[{"taxonomy":"category","embeddable":true,"href":"https:\/\/ronjakarkinen.fi\/index.php\/wp-json\/wp\/v2\/categories?post=227"},{"taxonomy":"post_tag","embeddable":true,"href":"https:\/\/ronjakarkinen.fi\/index.php\/wp-json\/wp\/v2\/tags?post=227"}],"curies":[{"name":"wp","href":"https:\/\/api.w.org\/{rel}","templated":true}]}}