{"id":15,"date":"2020-11-10T21:08:00","date_gmt":"2020-11-10T21:08:00","guid":{"rendered":"https:\/\/ronjakarkinen.fi\/?p=15"},"modified":"2022-11-27T21:14:43","modified_gmt":"2022-11-27T21:14:43","slug":"miksi-olen-ehdolla","status":"publish","type":"post","link":"https:\/\/ronjakarkinen.fi\/index.php\/2020\/11\/10\/miksi-olen-ehdolla\/","title":{"rendered":"Miksi olen ehdolla?"},"content":{"rendered":"\n<p>Ekologinen kriisi on aikamme suuri kysymys. Ilmastonmuutos n\u00e4kyy kaikkialla maailmassa ihmisten el\u00e4m\u00e4ss\u00e4 ennustamattomina s\u00e4in\u00e4, lumettomina talvina, satotappioina ja mets\u00e4tuhoina. Luonnon k\u00f6yhtyminen on n\u00e4kym\u00e4tt\u00f6m\u00e4mpi ongelma mutta yht\u00e4 vaarallinen. Suuri ongelma kaiken taustalla on, ett\u00e4 l\u00e4nsimainen el\u00e4m\u00e4 on kaukana tasapainosta luonnon kanssa. Suomessakin kulutamme kolmen maapallon edest\u00e4.&nbsp;&nbsp;<\/p>\n\n\n\n<p><a><\/a>Muutos on onneksi kuitenkin jo l\u00e4htenyt k\u00e4yntiin. Toissa vuonna ihmiskunta her\u00e4si ongelmaan tavalla, jota on kuvattu peruuttamattomaksi. Ilmasto on asettunut politiikan agendalle niin, ettei sit\u00e4 ei saa en\u00e4\u00e4 sielt\u00e4 pois. T\u00e4m\u00e4 on lohdullista, mutta viel\u00e4 tarvitaan lis\u00e4\u00e4 ymm\u00e4rryst\u00e4 siit\u00e4, ett\u00e4 muutoksella on my\u00f6s kiire.<\/p>\n\n\n\n<p><a><\/a>T\u00e4t\u00e4 sanomaa varten olen ehdolla. Haluan tuoda ilmaston\u00e4k\u00f6kulman kaikkeen Kirkkonummen p\u00e4\u00e4t\u00f6ksentekoon, kannustaa nopeampaan p\u00e4\u00e4st\u00f6jen v\u00e4hent\u00e4miseen ja ekologisen siirtym\u00e4n investointeihin. Haluan tuoda esiin ne monet mahdollisuudet ilmaston puolesta toimimiselle, joita kunnassamme on. Uskon my\u00f6s, ett\u00e4 muutos l\u00e4htee innostuksesta!&nbsp; Ylpe\u00e4sti ekologinen Kirkkonummi on valmis kulkemaan varmasti kohti hiilineutraaliutta ja priorisoimaan ilmastotoimia politiikassa.<\/p>\n\n\n\n<p><a><\/a>Minulla on paljon kokemusta vaikuttamisesta, tietoa ymp\u00e4rist\u00f6politiikasta ja n\u00e4kemyst\u00e4 muutoksesta. Olen motivoitunut ja valmis sitoutumaan kotiseutuni kehitt\u00e4miseen. Tutustu tarkemmin n\u00e4kemyksiini vaaliohjelmassa ja ota halutessasi yhteytt\u00e4. Olet l\u00e4mpim\u00e4sti tervetullut mukaan seuraamaan tai tukemaan kampanjaa!<\/p>\n","protected":false},"excerpt":{"rendered":"<p>Ekologinen kriisi on aikamme suuri kysymys. Ilmastonmuutos n\u00e4kyy kaikkialla maailmassa ihmisten el\u00e4m\u00e4ss\u00e4 ennustamattomina s\u00e4in\u00e4, lumettomina talvina, satotappioina ja mets\u00e4tuhoina. Luonnon k\u00f6yhtyminen on n\u00e4kym\u00e4tt\u00f6m\u00e4mpi ongelma mutta yht\u00e4 vaarallinen. Suuri ongelma kaiken taustalla on, ett\u00e4 l\u00e4nsimainen el\u00e4m\u00e4 on kaukana tasapainosta luonnon kanssa. Suomessakin kulutamme kolmen maapallon edest\u00e4.&nbsp;&nbsp; Muutos on onneksi kuitenkin jo l\u00e4htenyt k\u00e4yntiin. Toissa vuonna ihmiskunta &hellip; <\/p>\n","protected":false},"author":1,"featured_media":0,"comment_status":"open","ping_status":"open","sticky":false,"template":"","format":"standard","meta":{"footnotes":""},"categories":[3],"tags":[],"class_list":["post-15","post","type-post","status-publish","format-standard","hentry","category-kunnallisvaalit-2021","grid-sizer"],"_links":{"self":[{"href":"https:\/\/ronjakarkinen.fi\/index.php\/wp-json\/wp\/v2\/posts\/15","targetHints":{"allow":["GET"]}}],"collection":[{"href":"https:\/\/ronjakarkinen.fi\/index.php\/wp-json\/wp\/v2\/posts"}],"about":[{"href":"https:\/\/ronjakarkinen.fi\/index.php\/wp-json\/wp\/v2\/types\/post"}],"author":[{"embeddable":true,"href":"https:\/\/ronjakarkinen.fi\/index.php\/wp-json\/wp\/v2\/users\/1"}],"replies":[{"embeddable":true,"href":"https:\/\/ronjakarkinen.fi\/index.php\/wp-json\/wp\/v2\/comments?post=15"}],"version-history":[{"count":1,"href":"https:\/\/ronjakarkinen.fi\/index.php\/wp-json\/wp\/v2\/posts\/15\/revisions"}],"predecessor-version":[{"id":16,"href":"https:\/\/ronjakarkinen.fi\/index.php\/wp-json\/wp\/v2\/posts\/15\/revisions\/16"}],"wp:attachment":[{"href":"https:\/\/ronjakarkinen.fi\/index.php\/wp-json\/wp\/v2\/media?parent=15"}],"wp:term":[{"taxonomy":"category","embeddable":true,"href":"https:\/\/ronjakarkinen.fi\/index.php\/wp-json\/wp\/v2\/categories?post=15"},{"taxonomy":"post_tag","embeddable":true,"href":"https:\/\/ronjakarkinen.fi\/index.php\/wp-json\/wp\/v2\/tags?post=15"}],"curies":[{"name":"wp","href":"https:\/\/api.w.org\/{rel}","templated":true}]}}